{"id":1,"date":"2026-02-27T09:33:06","date_gmt":"2026-02-27T08:33:06","guid":{"rendered":"http:\/\/terapiamindrest.pl\/?p=1"},"modified":"2026-03-13T20:09:55","modified_gmt":"2026-03-13T19:09:55","slug":"aneta-waz","status":"publish","type":"post","link":"https:\/\/terapiamindrest.pl\/index.php\/2026\/02\/27\/aneta-waz\/","title":{"rendered":"Aneta W\u0105\u017c &#8211; &#8222;&#8230;do\u015bwiadczenie pomaga mi w empatycznym towarzyszeniu moim klientom&#8230;&#8221;"},"content":{"rendered":"\n<h3 class=\"wp-block-heading\">Aneta W\u0105\u017c &#8211; &#8222;&#8230;do\u015bwiadczenie pomaga mi w empatycznym towarzyszeniu moim klientom&#8230;&#8221;<\/h3>\n\n\n\n<p><br><br><strong>O mnie:<\/strong><br>Jestem psychologiem w specjalno\u015bci klinicznej, absolwentk\u0105 Uniwersytetu SWPS, Uniwersytetu WSB oraz<br>Uniwersytetu \u015al\u0105skiego.&nbsp;<br><br>Swoje do\u015bwiadczenie zdobywa\u0142am m.in. w Fundacji Ludzie i Medycyna oraz w Szpitalu Powiatowym w&nbsp;Chrzanowie na oddziale rehabilitacji neurologicznej. <br><br>Zawodowo interesuj\u0119 si\u0119 przede wszystkim psychologi\u0105 zdrowia, neuropsychologi\u0105, psychosomatyk\u0105 i&nbsp;traum\u0105 oraz jej nast\u0119pstwami.<\/p>\n\n\n\n<p><strong>Specjalizuj\u0119 si\u0119 w pracy z osobami:<\/strong><\/p>\n\n\n\n<ul class=\"wp-block-list\">\n<li>przewlekle chorymi somatycznie \u2013 w okresie po diagnozie, w czasie zaostrze\u0144 i adaptacji do nowej sytuacji,<\/li>\n\n\n\n<li>osobami bliskimi os\u00f3b przewlekle chorych,<\/li>\n\n\n\n<li>do\u015bwiadczaj\u0105cymi kryzysu, przewlek\u0142ego stresu lub PTSD,<\/li>\n\n\n\n<li>w procesie diagnozy i rehabilitacji neuropsychologicznej,<\/li>\n\n\n\n<li>zmagaj\u0105cymi si\u0119 z przewlek\u0142ym b\u00f3lem,<\/li>\n\n\n\n<li>neuroatypowymi (autyzm, ADHD) i ich diagnoz\u0105.<\/li>\n<\/ul>\n\n\n\n<p>Stale rozwijam swoje kompetencje. Korzystam m.in. z technik terapii poznawczo-behawioralnej, racjonalnej terapii zachowa\u0144 (RTZ), terapii akceptacji i zaanga\u017cowania (ACT), terapii dialektyczno-behawioralnej (DBT), terapii somatycznej (np. Somatic Experience) oraz terapii simontonowskiej. W prac\u0119 w\u0142\u0105czam r\u00f3wnie\u017c techniki mindfulness wspieraj\u0105ce regulacj\u0119 emocji i dobrostan.&nbsp;<br><br>Do\u015bwiadczenia terapii w\u0142asnej pomagaj\u0105 mi w lepszym rozumieniu problem\u00f3w moich klient\u00f3w. To, co szczeg\u00f3lnie wzbogaca moj\u0105 prac\u0119, to osobiste do\u015bwiadczenie \u017cycia z chorob\u0105 przewlek\u0142\u0105. Dzi\u0119ki niemu lepiej rozumiem, jak wielowymiarowe mog\u0105 by\u0107 wyzwania zwi\u0105zane z diagnoz\u0105 i leczeniem \u2013 zar\u00f3wno w obszarze fizycznym, jak i emocjonalnym. To do\u015bwiadczenie pomaga mi w empatycznym towarzyszeniu moim klientom w ich w\u0142asnych zmaganiach i w poszukiwaniu strategii, kt\u00f3re realnie wspieraj\u0105 codzienne funkcjonowanie.<\/p>\n\n\n\n<p>I speak fluent English.<\/p>\n\n\n\n<p><\/p>\n","protected":false},"excerpt":{"rendered":"<p>Aneta W\u0105\u017c &#8211; &#8222;&#8230;do\u015bwiadczenie pomaga mi w empatycznym towarzyszeniu moim klientom&#8230;&#8221; O mnie:Jestem psychologiem w specjalno\u015bci klinicznej, absolwentk\u0105 Uniwersytetu SWPS, Uniwersytetu WSB orazUniwersytetu \u015al\u0105skiego.&nbsp; Swoje do\u015bwiadczenie zdobywa\u0142am m.in. w Fundacji Ludzie i Medycyna oraz w Szpitalu Powiatowym w&nbsp;Chrzanowie na oddziale rehabilitacji neurologicznej. Zawodowo interesuj\u0119 si\u0119 przede wszystkim psychologi\u0105 zdrowia, neuropsychologi\u0105, psychosomatyk\u0105 i&nbsp;traum\u0105 oraz jej nast\u0119pstwami. [&hellip;]<\/p>\n","protected":false},"author":1,"featured_media":1131,"comment_status":"open","ping_status":"open","sticky":false,"template":"","format":"standard","meta":{"saved_in_kubio":false,"footnotes":""},"categories":[1],"tags":[10,13,9,8,11],"class_list":["post-1","post","type-post","status-publish","format-standard","has-post-thumbnail","hentry","category-bez-kategorii","tag-aneta-waz","tag-aneta_waz","tag-psycholog","tag-psycholog_tychy","tag-psychoterapeuta"],"_links":{"self":[{"href":"https:\/\/terapiamindrest.pl\/index.php\/wp-json\/wp\/v2\/posts\/1","targetHints":{"allow":["GET"]}}],"collection":[{"href":"https:\/\/terapiamindrest.pl\/index.php\/wp-json\/wp\/v2\/posts"}],"about":[{"href":"https:\/\/terapiamindrest.pl\/index.php\/wp-json\/wp\/v2\/types\/post"}],"author":[{"embeddable":true,"href":"https:\/\/terapiamindrest.pl\/index.php\/wp-json\/wp\/v2\/users\/1"}],"replies":[{"embeddable":true,"href":"https:\/\/terapiamindrest.pl\/index.php\/wp-json\/wp\/v2\/comments?post=1"}],"version-history":[{"count":5,"href":"https:\/\/terapiamindrest.pl\/index.php\/wp-json\/wp\/v2\/posts\/1\/revisions"}],"predecessor-version":[{"id":1147,"href":"https:\/\/terapiamindrest.pl\/index.php\/wp-json\/wp\/v2\/posts\/1\/revisions\/1147"}],"wp:featuredmedia":[{"embeddable":true,"href":"https:\/\/terapiamindrest.pl\/index.php\/wp-json\/wp\/v2\/media\/1131"}],"wp:attachment":[{"href":"https:\/\/terapiamindrest.pl\/index.php\/wp-json\/wp\/v2\/media?parent=1"}],"wp:term":[{"taxonomy":"category","embeddable":true,"href":"https:\/\/terapiamindrest.pl\/index.php\/wp-json\/wp\/v2\/categories?post=1"},{"taxonomy":"post_tag","embeddable":true,"href":"https:\/\/terapiamindrest.pl\/index.php\/wp-json\/wp\/v2\/tags?post=1"}],"curies":[{"name":"wp","href":"https:\/\/api.w.org\/{rel}","templated":true}]}}